{"id":1387,"date":"2022-01-25T18:01:22","date_gmt":"2022-01-25T17:01:22","guid":{"rendered":"https:\/\/www.coordination69.asso.fr\/fr\/?p=1387"},"modified":"2022-04-04T10:25:07","modified_gmt":"2022-04-04T08:25:07","slug":"semaine-europeenne-pour-lemploi-des-personnes-handicapees-seeph","status":"publish","type":"post","link":"http:\/\/www.coordination69.asso.fr\/fr\/2022\/01\/25\/semaine-europeenne-pour-lemploi-des-personnes-handicapees-seeph\/","title":{"rendered":"Semaine Europ\u00e9enne pour l&rsquo;Emploi des Personnes Handicap\u00e9es (SEEPH)"},"content":{"rendered":"\n<p>Chaque ann\u00e9e, LADAPT Rh\u00f4ne, membre de Coordination 69, m\u00e8ne plusieurs \u00e9v\u00e9nements dans le cadre de la SEEPH. Coordination 69 participe \u00e0 la r\u00e9flexion et aux actions dans le cadre de ces semaines. <\/p>\n\n\n\n<p>Retrouvez le programme de la derni\u00e8re SEEPH (2021) <a href=\"http:\/\/www.coordination69.asso.fr\/fr\/wp-content\/uploads\/2022\/01\/SEEPH-Programme-2021.pdf\">ici<\/a><\/p>\n","protected":false},"excerpt":{"rendered":"<p>Chaque ann\u00e9e, LADAPT Rh\u00f4ne, membre de Coordination 69, m\u00e8ne plusieurs \u00e9v\u00e9nements dans le cadre de la SEEPH.<\/p>\n","protected":false},"author":2,"featured_media":1392,"comment_status":"open","ping_status":"open","sticky":false,"template":"","format":"standard","meta":{"footnotes":""},"categories":[16],"tags":[18,19,20,21],"_links":{"self":[{"href":"http:\/\/www.coordination69.asso.fr\/fr\/wp-json\/wp\/v2\/posts\/1387"}],"collection":[{"href":"http:\/\/www.coordination69.asso.fr\/fr\/wp-json\/wp\/v2\/posts"}],"about":[{"href":"http:\/\/www.coordination69.asso.fr\/fr\/wp-json\/wp\/v2\/types\/post"}],"author":[{"embeddable":true,"href":"http:\/\/www.coordination69.asso.fr\/fr\/wp-json\/wp\/v2\/users\/2"}],"replies":[{"embeddable":true,"href":"http:\/\/www.coordination69.asso.fr\/fr\/wp-json\/wp\/v2\/comments?post=1387"}],"version-history":[{"count":6,"href":"http:\/\/www.coordination69.asso.fr\/fr\/wp-json\/wp\/v2\/posts\/1387\/revisions"}],"predecessor-version":[{"id":1703,"href":"http:\/\/www.coordination69.asso.fr\/fr\/wp-json\/wp\/v2\/posts\/1387\/revisions\/1703"}],"wp:featuredmedia":[{"embeddable":true,"href":"http:\/\/www.coordination69.asso.fr\/fr\/wp-json\/wp\/v2\/media\/1392"}],"wp:attachment":[{"href":"http:\/\/www.coordination69.asso.fr\/fr\/wp-json\/wp\/v2\/media?parent=1387"}],"wp:term":[{"taxonomy":"category","embeddable":true,"href":"http:\/\/www.coordination69.asso.fr\/fr\/wp-json\/wp\/v2\/categories?post=1387"},{"taxonomy":"post_tag","embeddable":true,"href":"http:\/\/www.coordination69.asso.fr\/fr\/wp-json\/wp\/v2\/tags?post=1387"}],"curies":[{"name":"wp","href":"https:\/\/api.w.org\/{rel}","templated":true}]}}