{"id":2083,"date":"2023-01-07T16:09:17","date_gmt":"2023-01-07T15:09:17","guid":{"rendered":"https:\/\/www.coordination69.asso.fr\/fr\/?p=2083"},"modified":"2023-01-07T16:45:31","modified_gmt":"2023-01-07T15:45:31","slug":"semaines-dinformation-sur-la-sante-mentale-animations-de-coordination-69-a-la-mediatheque-de-vaise","status":"publish","type":"post","link":"http:\/\/www.coordination69.asso.fr\/fr\/2023\/01\/07\/semaines-dinformation-sur-la-sante-mentale-animations-de-coordination-69-a-la-mediatheque-de-vaise\/","title":{"rendered":"Semaines d&rsquo;Information sur la Sant\u00e9 Mentale 2022 : animations de Coordination 69  \u00e0 la m\u00e9diath\u00e8que de Vaise"},"content":{"rendered":"","protected":false},"excerpt":{"rendered":"","protected":false},"author":2,"featured_media":2089,"comment_status":"closed","ping_status":"closed","sticky":false,"template":"","format":"standard","meta":{"footnotes":""},"categories":[23,14],"tags":[],"_links":{"self":[{"href":"http:\/\/www.coordination69.asso.fr\/fr\/wp-json\/wp\/v2\/posts\/2083"}],"collection":[{"href":"http:\/\/www.coordination69.asso.fr\/fr\/wp-json\/wp\/v2\/posts"}],"about":[{"href":"http:\/\/www.coordination69.asso.fr\/fr\/wp-json\/wp\/v2\/types\/post"}],"author":[{"embeddable":true,"href":"http:\/\/www.coordination69.asso.fr\/fr\/wp-json\/wp\/v2\/users\/2"}],"replies":[{"embeddable":true,"href":"http:\/\/www.coordination69.asso.fr\/fr\/wp-json\/wp\/v2\/comments?post=2083"}],"version-history":[{"count":2,"href":"http:\/\/www.coordination69.asso.fr\/fr\/wp-json\/wp\/v2\/posts\/2083\/revisions"}],"predecessor-version":[{"id":2099,"href":"http:\/\/www.coordination69.asso.fr\/fr\/wp-json\/wp\/v2\/posts\/2083\/revisions\/2099"}],"wp:featuredmedia":[{"embeddable":true,"href":"http:\/\/www.coordination69.asso.fr\/fr\/wp-json\/wp\/v2\/media\/2089"}],"wp:attachment":[{"href":"http:\/\/www.coordination69.asso.fr\/fr\/wp-json\/wp\/v2\/media?parent=2083"}],"wp:term":[{"taxonomy":"category","embeddable":true,"href":"http:\/\/www.coordination69.asso.fr\/fr\/wp-json\/wp\/v2\/categories?post=2083"},{"taxonomy":"post_tag","embeddable":true,"href":"http:\/\/www.coordination69.asso.fr\/fr\/wp-json\/wp\/v2\/tags?post=2083"}],"curies":[{"name":"wp","href":"https:\/\/api.w.org\/{rel}","templated":true}]}}